{"id":78,"date":"2022-06-13T07:08:00","date_gmt":"2022-06-13T07:08:00","guid":{"rendered":"https:\/\/pag.yt\/~afersa\/?p=78"},"modified":"2024-05-17T08:26:43","modified_gmt":"2024-05-17T08:26:43","slug":"programa-de-fomento-de-la-contratacion-indefinida-de-determinados-colectivos-vulnerables-en-el-ambito-territorial-de-la-comunitat-valenciana-avalem-experiencia-2022","status":"publish","type":"post","link":"http:\/\/afersa.net\/index.php\/2022\/06\/13\/programa-de-fomento-de-la-contratacion-indefinida-de-determinados-colectivos-vulnerables-en-el-ambito-territorial-de-la-comunitat-valenciana-avalem-experiencia-2022\/","title":{"rendered":"Programa de fomento de la contrataci\u00f3n indefinida de determinados colectivos vulnerables en el \u00e1mbito territorial de la Comunitat Valenciana. AVALEM EXPERI\u00c8NCIA 2022"},"content":{"rendered":"\n<p>Se ha recibido de LABORA Servicio Valenciano de Empleo y Formaci\u00f3n una subvenci\u00f3n del programa indicado por la contrataci\u00f3n indefinida y a jornada completa de persona\/s desempleada\/s pertenecientes a colectivos vulnerables, actuaci\u00f3n susceptible de ser cofinanciada por la Uni\u00f3n Europea a trav\u00e9s del Programa Comunitat Valenciana Fondo Social Europeo Plus (FSE+) 2021-2027 o por cualquier otro fondo de la Uni\u00f3n Europea.<\/p>\n\n\n\n<figure class=\"wp-block-image size-full\"><img loading=\"lazy\" decoding=\"async\" width=\"1016\" height=\"152\" src=\"http:\/\/afersa.net\/wp-content\/uploads\/2024\/05\/Captura-de-pantalla-2024-05-17-a-las-9.05.37.png\" alt=\"\" class=\"wp-image-80\" srcset=\"http:\/\/afersa.net\/wp-content\/uploads\/2024\/05\/Captura-de-pantalla-2024-05-17-a-las-9.05.37.png 1016w, http:\/\/afersa.net\/wp-content\/uploads\/2024\/05\/Captura-de-pantalla-2024-05-17-a-las-9.05.37-300x45.png 300w, http:\/\/afersa.net\/wp-content\/uploads\/2024\/05\/Captura-de-pantalla-2024-05-17-a-las-9.05.37-768x115.png 768w\" sizes=\"auto, (max-width: 1016px) 100vw, 1016px\" \/><\/figure>\n","protected":false},"excerpt":{"rendered":"<p>Se ha recibido de LABORA Servicio Valenciano de Empleo y Formaci\u00f3n una subvenci\u00f3n del programa indicado por la contrataci\u00f3n indefinida y a jornada completa de persona\/s desempleada\/s pertenecientes a colectivos vulnerables, actuaci\u00f3n susceptible de ser cofinanciada por la Uni\u00f3n Europea a trav\u00e9s del Programa Comunitat Valenciana Fondo Social Europeo Plus (FSE+) 2021-2027 o por cualquier otro fondo de la Uni\u00f3n Europea.<\/p>\n","protected":false},"author":1,"featured_media":102,"comment_status":"open","ping_status":"open","sticky":false,"template":"","format":"standard","meta":{"footnotes":""},"categories":[1],"tags":[],"class_list":["post-78","post","type-post","status-publish","format-standard","has-post-thumbnail","hentry","category-uncategorized"],"_links":{"self":[{"href":"http:\/\/afersa.net\/index.php\/wp-json\/wp\/v2\/posts\/78","targetHints":{"allow":["GET"]}}],"collection":[{"href":"http:\/\/afersa.net\/index.php\/wp-json\/wp\/v2\/posts"}],"about":[{"href":"http:\/\/afersa.net\/index.php\/wp-json\/wp\/v2\/types\/post"}],"author":[{"embeddable":true,"href":"http:\/\/afersa.net\/index.php\/wp-json\/wp\/v2\/users\/1"}],"replies":[{"embeddable":true,"href":"http:\/\/afersa.net\/index.php\/wp-json\/wp\/v2\/comments?post=78"}],"version-history":[{"count":1,"href":"http:\/\/afersa.net\/index.php\/wp-json\/wp\/v2\/posts\/78\/revisions"}],"predecessor-version":[{"id":81,"href":"http:\/\/afersa.net\/index.php\/wp-json\/wp\/v2\/posts\/78\/revisions\/81"}],"wp:featuredmedia":[{"embeddable":true,"href":"http:\/\/afersa.net\/index.php\/wp-json\/wp\/v2\/media\/102"}],"wp:attachment":[{"href":"http:\/\/afersa.net\/index.php\/wp-json\/wp\/v2\/media?parent=78"}],"wp:term":[{"taxonomy":"category","embeddable":true,"href":"http:\/\/afersa.net\/index.php\/wp-json\/wp\/v2\/categories?post=78"},{"taxonomy":"post_tag","embeddable":true,"href":"http:\/\/afersa.net\/index.php\/wp-json\/wp\/v2\/tags?post=78"}],"curies":[{"name":"wp","href":"https:\/\/api.w.org\/{rel}","templated":true}]}}